{"id":6061,"date":"2023-10-12T21:50:54","date_gmt":"2023-10-13T00:50:54","guid":{"rendered":"https:\/\/sodecristo.org.br\/hejme\/?p=6061"},"modified":"2025-11-26T10:05:03","modified_gmt":"2025-11-26T13:05:03","slug":"espiritismo-e-esperantismo","status":"publish","type":"post","link":"https:\/\/sodecristo.org.br\/hejme\/2023\/10\/12\/espiritismo-e-esperantismo\/","title":{"rendered":"Espiritismo &#8211; Esperantismo"},"content":{"rendered":"<p align=\"left\"><img decoding=\"async\" src=\"https:\/\/sodecristo.org.br\/hejme\/wp-content\/uploads\/2023\/10\/espiritismo_esperantismo-360x240.jpg\" class=\"alignleft\" \/>Duas for\u00e7as propulsoras da paz, atividades que levar\u00e3o \u00e0 Sociedade Humana os recursos de um relacionamento fraterno, a se destacarem no palco de um mundo conturbado pela falta de amor, uma rela\u00e7\u00e3o ben\u00e9fica entre todas as Na\u00e7\u00f5es.<\/p>\n<p align=\"left\">O movimento exercido por ambas, pelos respectivos membros que, na ades\u00e3o e divulga\u00e7\u00e3o, lutam com bravura pela causa, vulgarizando as ideias que alcan\u00e7ar\u00e3o a Humanidade. Eles se livram dos preconceitos intelectuais e morais que tanto desacertam nossa comunidade global, para ter uma viv\u00eancia harm\u00f4nica e gozar da paz apontada por Jesus.<\/p>\n<p align=\"left\">Do s\u00e9culo XIX, percebe-se que estas duas frentes de trabalho surgiram para conquistarem, pela log\u00edstica da f\u00e9, um espa\u00e7o consider\u00e1vel em nossa sociedade hodierna, meio \u00e0s tradi\u00e7\u00f5es inveteradas que dificultam as concep\u00e7\u00f5es inovadoras que facilitam as vidas de toda sociedade terrena, livrando-nos dos preconceitos que ainda vigoram em nossos cora\u00e7\u00f5es. As for\u00e7as do Alto seguem as ordens do Cristo,<\/p>\n<p align=\"left\">Por\u00e9m, \u00e9 necess\u00e1rio agirmos conforme certas orienta\u00e7\u00f5es de quem e para quem n\u00f3s estamos trabalhando. Observar nossas estrat\u00e9gias para mantermos o vigor na atua\u00e7\u00e3o progressiva das obriga\u00e7\u00f5es assumidas, sem nos deixar envolver pelos mesmos procedimentos de excessiva autoavalia\u00e7\u00e3o. A qualidade da miss\u00e3o est\u00e1 no apego imoderado aos produtos a serem deliberados, a encerrar com sucesso os produtos nas mais altas considera\u00e7\u00f5es: a L\u00edngua livre de dom\u00ednios olig\u00e1rquicos e o Evangelho de Jesus desobrigado de exclusivistas tend\u00eancias.<\/p>\n<p align=\"left\">Ambas t\u00eam os seus pap\u00e9is espec\u00edficos e imut\u00e1veis, intransfer\u00edveis. Elas est\u00e3o dentro da mais estrita serventia \u00e0 mat\u00e9ria-prima de nossa responsabilidade de fazer com seguran\u00e7a o trajeto: transportar da fonte do produtor \u00e0s m\u00e3os dos destinat\u00e1rios e dar por encerradas suas divinas miss\u00f5es, no \u00e2mbito da publicidade.<\/p>\n<p align=\"left\">Evangelho de Jesus e o Esperanto t\u00eam suas vidas pr\u00f3prias, dentro de um ideal prof\u00e9tico.<\/p>\n<p align=\"left\">Entendimento e viv\u00eancia evang\u00e9lica, assim como a l\u00edngua Esperanto na humanidade futura, dispensam qualquer discurso sobre as vantagens das duas excepcionais joias em nosso meio.<\/p>\n<p align=\"left\">Espiritismo e esperantismo precisam diminuir para que o Esperanto e o Evangelho de Jesus cres\u00e7am. N\u00e3o podemos divulgar os produtos exaltando e valorizando sempre o sucesso do produto por us\u00e1-los em nossas pr\u00f3prias causas. A sociedade em geral entende ser uma doutrina\u00e7\u00e3o.<\/p>\n<p align=\"left\">Esperanto n\u00e3o faz somente esperantistas, assim como utilizar os ensinos do Evangelho de Jesus n\u00e3o \u00e9 apenas para religiosos. Cidad\u00e3os modernos, em suas atividades hodiernas, agem de maneira semelhante \u00e0s demais religi\u00f5es.<\/p>\n<p align=\"left\">As vantagens precisam ser distintas para cada empresa que queira se beneficiar dos produtos, aplic\u00e1-los em seus pr\u00f3prios interesses, por suas pr\u00f3prias vontades.<\/p>\n<p align=\"left\">Internamente, nossos esfor\u00e7os visam criar meios de entregar os produtos \u00e0 Humanidade e permitir que a L\u00edngua e o Evangelho de Jesus se tornem as asas da conc\u00f3rdia e do afeto. Isto faz com que cada alma se esvoace ao sopro do Divino Mestre, em hinos de vit\u00f3rias.<\/p>\n<p align=\"left\">Os agentes filiados aos ideais de cada empresa, comissionada pelo Alto, s\u00e3o orientados, por meio dos estudos pr\u00e1ticos, a atuar em cada comunidade da qual s\u00e3o origin\u00e1rios. Eles desenvolver\u00e3o situa\u00e7\u00f5es de como articular os produtos dentro das necessidades di\u00e1rias para os interc\u00e2mbios internacionais, vislumbrando a exata import\u00e2ncia das preciosas mercadorias.<\/p>\n<p align=\"left\">A utiliza\u00e7\u00e3o destas ferramentas para auxiliar na constru\u00e7\u00e3o da paz n\u00e3o ter\u00e1 aceita\u00e7\u00e3o sen\u00e3o pelas empresas cujos interesses sejam para a melhora moral e espiritual da humanidade.<\/p>\n<p>A popula\u00e7\u00e3o ser\u00e1 beneficiada quando uma boa parte das sociedades organizadas j\u00e1 tiver o Esperanto como l\u00edngua de trabalho funcional, sendo utilizado para as finalidades espec\u00edficas. Chegar\u00e1 o momento de institu\u00ed-lo nas organiza\u00e7\u00f5es escolares em todos os n\u00edveis.<\/p>\n<p>O proceder ben\u00e9fico nesta rede intr\u00ednseca global ter\u00e1 a ver com os princ\u00edpios do Evangelho de Jesus e do Esperanto, cujos inter-relacionamentos ser\u00e3o de uma fraternidade livre e soberana em cada ideal humano.<\/p>\n<p align=\"left\">Eis a\u00ed os elixires, \u00fanicos, disciplinando nossas almas para a express\u00e3o universal do pensamento.<\/p>\n<p align=\"left\">Nossos pensamentos est\u00e3o estabelecidos na retid\u00e3o e na clareza, nossos sentimentos operam no amor e na simplicidade.<\/p>\n<p align=\"left\">Esperanto e o Evangelho de Jesus, luzidas p\u00e9rolas, cujos esplendores a humanidade irradiar\u00e1!<\/p>\n<p align=\"left\"><img decoding=\"async\" src=\"https:\/\/sodecristo.org.br\/hejme\/wp-content\/uploads\/2023\/05\/download.png\" class=\"aligncenter\" \/><\/p>\n<p align=\"left\">\n","protected":false},"excerpt":{"rendered":"<p>Duas for\u00e7as propulsoras da paz, atividades que levar\u00e3o \u00e0 Sociedade Humana os recursos de um relacionamento fraterno, a se destacarem no palco de um mundo conturbado pela falta de amor, uma rela\u00e7\u00e3o ben\u00e9fica entre todas as Na\u00e7\u00f5es. O movimento exercido por ambas, pelos respectivos membros que, na ades\u00e3o e divulga\u00e7\u00e3o, [&hellip;]<\/p>\n","protected":false},"author":1,"featured_media":6077,"comment_status":"closed","ping_status":"closed","sticky":false,"template":"","format":"standard","meta":{"_monsterinsights_skip_tracking":false,"_monsterinsights_sitenote_active":false,"_monsterinsights_sitenote_note":"","_monsterinsights_sitenote_category":0,"_jetpack_memberships_contains_paid_content":false,"footnotes":""},"categories":[33,32,2],"tags":[],"class_list":["post-6061","post","type-post","status-publish","format-standard","has-post-thumbnail","hentry","category-doutrina-espirita","category-esperanto","category-religiao"],"jetpack_featured_media_url":"https:\/\/sodecristo.org.br\/hejme\/wp-content\/uploads\/2023\/10\/espiritismo_esperantismo-1.jpg","jetpack_sharing_enabled":true,"_links":{"self":[{"href":"https:\/\/sodecristo.org.br\/hejme\/wp-json\/wp\/v2\/posts\/6061","targetHints":{"allow":["GET"]}}],"collection":[{"href":"https:\/\/sodecristo.org.br\/hejme\/wp-json\/wp\/v2\/posts"}],"about":[{"href":"https:\/\/sodecristo.org.br\/hejme\/wp-json\/wp\/v2\/types\/post"}],"author":[{"embeddable":true,"href":"https:\/\/sodecristo.org.br\/hejme\/wp-json\/wp\/v2\/users\/1"}],"replies":[{"embeddable":true,"href":"https:\/\/sodecristo.org.br\/hejme\/wp-json\/wp\/v2\/comments?post=6061"}],"version-history":[{"count":13,"href":"https:\/\/sodecristo.org.br\/hejme\/wp-json\/wp\/v2\/posts\/6061\/revisions"}],"predecessor-version":[{"id":6314,"href":"https:\/\/sodecristo.org.br\/hejme\/wp-json\/wp\/v2\/posts\/6061\/revisions\/6314"}],"wp:featuredmedia":[{"embeddable":true,"href":"https:\/\/sodecristo.org.br\/hejme\/wp-json\/wp\/v2\/media\/6077"}],"wp:attachment":[{"href":"https:\/\/sodecristo.org.br\/hejme\/wp-json\/wp\/v2\/media?parent=6061"}],"wp:term":[{"taxonomy":"category","embeddable":true,"href":"https:\/\/sodecristo.org.br\/hejme\/wp-json\/wp\/v2\/categories?post=6061"},{"taxonomy":"post_tag","embeddable":true,"href":"https:\/\/sodecristo.org.br\/hejme\/wp-json\/wp\/v2\/tags?post=6061"}],"curies":[{"name":"wp","href":"https:\/\/api.w.org\/{rel}","templated":true}]}}