{"id":4440,"date":"2014-05-24T15:58:05","date_gmt":"2014-05-24T18:58:05","guid":{"rendered":"https:\/\/sodecristo.org.br\/hejme\/?p=4440"},"modified":"2026-03-15T20:12:49","modified_gmt":"2026-03-15T23:12:49","slug":"maos-nao-lavadas","status":"publish","type":"post","link":"https:\/\/sodecristo.org.br\/hejme\/2014\/05\/24\/maos-nao-lavadas\/","title":{"rendered":"M\u00e3os n\u00e3o Lavadas"},"content":{"rendered":"<dl>\n<dt><span style=\"font-size: 12pt;\"><strong><em><img decoding=\"async\" src=\"https:\/\/sodecristo.org.br\/hejme\/wp-content\/uploads\/2014\/05\/poncio_pilatos_novo_site-300x225.jpg\" alt=\"https:\/\/sodecristo.org.br\/hejme\/wp-content\/uploads\/2014\/05\/poncio_pilatos_novo_site-300x225.jpg\" class=\"alignleft\" \/>\u201cPor que violam os teus disc\u00edpulos<\/em><\/strong><\/span><\/dt>\n<dt><span style=\"font-size: 12pt;\"><strong><em>a tradi\u00e7\u00e3o dos antigos, uma vez que n\u00e3o lavam<\/em><\/strong><\/span><\/dt>\n<dt><span style=\"font-size: 12pt;\"><strong><em>as m\u00e3os quando fazem suas refei\u00e7\u00f5es? (S Mateus 15:1)\u201d<\/em><\/strong><\/span><\/dt>\n<\/dl>\n<p><span>Nos tempos em que Jesus peregrinava nas regi\u00f5es \u00e1ridas do Oriente, com a miss\u00e3o de estabelecer na Terra, o aut\u00eantico c\u00f3digo de amor, revelando as verdades da vida eterna, encontrava-se, pelo que narra a hist\u00f3ria nos cap\u00edtulos dos Evangelhos, um povo movido a tradi\u00e7\u00f5es que, por mais l\u00f3gico que fosse o esclarecimento desses equ\u00edvocos, encontrava neles resist\u00eancia, indigna\u00e7\u00e3o e revolta. <\/span><\/p>\n<p><span>Jesus, ao responder: \u201cE por que transgredis v\u00f3s os mandamentos de Deus em obedi\u00eancia \u00e0 vossa tradi\u00e7\u00e3o?\u201d, deixou claro que a tradi\u00e7\u00e3o n\u00e3o era nada mais que a heran\u00e7a de ideias que atravessam s\u00e9culos, de gera\u00e7\u00e3o em gera\u00e7\u00e3o, ensinadas rigorosamente pelos pais aos filhos, para que seus descendentes reproduzissem esses equ\u00edvocos com fidelidade.<\/span><\/p>\n<p><span><\/span><span>Com rigor, porque, nesse espa\u00e7o de tempo, em cada gera\u00e7\u00e3o, surgem sempre no meio dessas fam\u00edlias, esp\u00edritos mais esclarecidos e mais humildes para notar essas ideias tidas como verdadeiras em que acreditam seus irm\u00e3os e alert\u00e1-los do engano. Mas eram tratados ou com indiferen\u00e7a e esc\u00e1rnio, ou com viol\u00eancia e morte, de conformidade com a posi\u00e7\u00e3o social em que pertenciam. A tradi\u00e7\u00e3o se mant\u00e9m orgulhosa.<\/span><\/p>\n<p><span>Quantos s\u00e9culos o povo hebreu se preparou para a vinda do Messias. Confiava piamente nas profecias que, de tempos em tempos, surgiam profetas refor\u00e7ando as esperan\u00e7as de cada um.<\/span><\/p>\n<p><span>De gera\u00e7\u00e3o em gera\u00e7\u00e3o eram estudadas essas profecias, por\u00e9m refor\u00e7ando a ideia de que o Cristo era poderoso, que viria na sua gl\u00f3ria e tomaria todo o poder dos inimigos. De dominado passaria a dominador para um reinado sem fim. <\/span><\/p>\n<p><span>Amai a vossos inimigos, bendizei os que vos maldizem, fazei o bem aos que vos odeiam e orai pelos que vos maltratam e vos perseguem ; andai dois mil passos; dai a C\u00e9sar o que \u00e9 de C\u00e9sar e a Deus o que \u00e9 de Deus; n\u00e3o alardeeis com vossas preces; n\u00e3o espolieis as vi\u00favas, n\u00e3o abandoneis os pais; n\u00e3o mais adorar o Pai nem nos montes, nem em Jerusal\u00e9m, e a muitas outras atitudes que caracterizavam o afastamento da Lei. Segundo as tradi\u00e7\u00f5es, esse n\u00e3o \u00e9 o messias esperado.<\/span><\/p>\n<p><span>No fundo de muitas almas havia um certo pressentimento de que realmente poderia ser o Cristo. Mas, para os que interpretavam segundo a letra, os inc\u00f4modos de ter que mudar seus procedimentos, reconhecer os equ\u00edvocos dos pais ao longo dos s\u00e9culos e a vontade clara de acreditar que aquele sem d\u00favida era um impostor, porque suas posi\u00e7\u00f5es eram c\u00f4modas. Dois mil anos se passaram e ainda esperam o prometido. <\/span><\/p>\n<p><span>Hoje, a a\u00e7\u00e3o n\u00e3o diverge muito. Dificuldades enormes que demandam tempo para que uma descoberta ou uma revela\u00e7\u00e3o seja compreendida e aceita pelo homem, que reluta em n\u00e3o sair de suas ideias herdadas do passado. <\/span><\/p>\n<p><span>Cento e cinquenta anos j\u00e1 se passaram da chegada de uma nova ideia, de uma nova ci\u00eancia, n\u00e3o menos dif\u00edcil de ser aceita pois ela dissolve todas as tradi\u00e7\u00f5es que barram a humanidade de elevar-se moral e espiritualmente, conquistando assim a sobriedade nos conhecimentos reais da vida. <\/span><\/p>\n<p><span>N\u00e3o se pode contar a hist\u00f3ria de nossa humanidade omitindo a exist\u00eancia dos esp\u00edritos demonstrados pelas manifesta\u00e7\u00f5es naturais ao longo de nossa jornada terrena pelo simples fato de serem eles a causa de nossa exist\u00eancia. <\/span><\/p>\n<p><span>Chegado a uma \u00e9poca em que o homem mais apto a compreender decidiu inquirir sobre essas manifesta\u00e7\u00f5es, ele buscava respostas que poderiam confirmar a exist\u00eancia de seres que, embora invis\u00edveis, se mostravam inteligentes.<\/span><\/p>\n<p><span>Respostas foram dadas. Pesquisas foram feitas. Comprovada a exist\u00eancia dos esp\u00edritos; j\u00e1 n\u00e3o mais uma cren\u00e7a. Estabelece comunica\u00e7\u00e3o com a humanidade terrena. Nos d\u00e1 toda informa\u00e7\u00e3o das leis que regem o mundo espiritual e sua rela\u00e7\u00e3o com o nosso mundo; n\u00e3o mais conceitos humanos. Not\u00edcias dos que chegam ao Mundo dos Esp\u00edritos, livres dos corpos f\u00edsicos de que se serviram, e dos que est\u00e3o se preparando para novas oportunidades de crescimento; a reencarna\u00e7\u00e3o \u00e9 uma lei natural. Corrigem ideias seculares supostas e impostas pelo homem: mist\u00e9rios, milagres, o sobrenatural, castigos, penas infinitas para faltas finitas, fora da Igreja n\u00e3o h\u00e1 salva\u00e7\u00e3o e outras tantas. Leis naturais e eternas que at\u00e9 ent\u00e3o eram desconhecidas e que d\u00e3o todo um sentido l\u00f3gico da vida ao homem moderno. Esses subs\u00eddios para as religi\u00f5es e a ci\u00eancia visam garantir uma vida de equil\u00edbrio e paz \u00e0 humanidade terrena, representando uma nova etapa de progresso para todos.<\/span><\/p>\n<p><span>Anunciada esta Ci\u00eancia, depois de v\u00e1rios anos de pesquisas com aux\u00edlio de <a href=\"http:\/\/www.google.com\/webhp?hl=eo#num=20&amp;hl=eo&amp;newwindow=1&amp;site=webhp&amp;q=cesar+lombroso+Allan++Kardec+Williams+crooks+raymond+Arthur+Conan+doyle+leon+denis+flammarion+ernesto+bozzano+gustavo&amp;oq=cesar+lombroso+Allan+&amp;fp=70afc9590f520e94\" target=\"_blank\" rel=\"noopener noreferrer\">renomados estudiosos e pesquisadores<\/a> de ent\u00e3o, criou-se um certo p\u00e2nico em v\u00e1rios setores do pensamento humano, pois, tendo que rever os seus conceitos e ajust\u00e1-los \u00e0 realidade confirmada pelos Esp\u00edritos, preferiram atacar, anatematizando por todos os meios, arrastando multid\u00f5es para a incredulidade, induzindo o homem a permanecer refrat\u00e1rio \u00e0s mudan\u00e7as que o progresso exige, deixando \u00e0s gera\u00e7\u00f5es futuras, mais adiantadas, a perplexidade de ver nesses ensinos os mesmos procedimentos dos antigos. <\/span><\/p>\n<p><span>\u201c\u2014 <em>26. Mas o Consolador, que \u00e9 o Esp\u00edrito Santo, que meu pai enviar\u00e1 em meu nome, vos ensinar\u00e1 todas as coisas e vos far\u00e1 lembrar tudo o que vos tenho dito (Jesus, Jo\u00e3o 14<\/em>). E a <a href=\"http:\/\/www.youtube.com\/results?search_query=proca+cientifica+da+reencarna%C3%A7%C3%A3o&amp;page=1\">Ci\u00eancia do Mundo, com suas pesquisas<\/a><a href=\"http:\/\/www.youtube.com\/results?search_query=proca+cientifica+da+reencarna%C3%A7%C3%A3o&amp;page=1\">,<\/a> confirma esta realidade. Unida com a Ci\u00eancia Esp\u00edrita, facilitar\u00e1 a compreens\u00e3o dos ensinos de Jesus em Esp\u00edrito e Verdade. Essa for\u00e7a \u00fanica auxiliar\u00e1 as religi\u00f5es a conduzirem seus membros para uma nova era de uni\u00e3o e fraternidade universal.<\/span><\/p>\n<p><span>9. <em>E \u00e9 em v\u00e3o que me honram, ensinando doutrinas e mandamentos dos homens<\/em>.&#8221; (Jesus &#8211; Mateus V)<\/span><\/p>\n","protected":false},"excerpt":{"rendered":"<p>\u201cPor que violam os teus disc\u00edpulos a tradi\u00e7\u00e3o dos antigos, uma vez que n\u00e3o lavam as m\u00e3os quando fazem suas refei\u00e7\u00f5es? (S Mateus 15:1)\u201d Nos tempos em que Jesus peregrinava nas regi\u00f5es \u00e1ridas do Oriente, com a miss\u00e3o de estabelecer na Terra, o aut\u00eantico c\u00f3digo de amor, revelando as verdades [&hellip;]<\/p>\n","protected":false},"author":1,"featured_media":4617,"comment_status":"closed","ping_status":"open","sticky":false,"template":"","format":"standard","meta":{"_monsterinsights_skip_tracking":false,"_monsterinsights_sitenote_active":false,"_monsterinsights_sitenote_note":"","_monsterinsights_sitenote_category":0,"_jetpack_memberships_contains_paid_content":false,"footnotes":""},"categories":[34],"tags":[],"class_list":["post-4440","post","type-post","status-publish","format-standard","has-post-thumbnail","hentry","category-artigos"],"jetpack_featured_media_url":"https:\/\/sodecristo.org.br\/hejme\/wp-content\/uploads\/2014\/05\/poncio_pilatos_novo_site.jpg","jetpack_sharing_enabled":true,"_links":{"self":[{"href":"https:\/\/sodecristo.org.br\/hejme\/wp-json\/wp\/v2\/posts\/4440","targetHints":{"allow":["GET"]}}],"collection":[{"href":"https:\/\/sodecristo.org.br\/hejme\/wp-json\/wp\/v2\/posts"}],"about":[{"href":"https:\/\/sodecristo.org.br\/hejme\/wp-json\/wp\/v2\/types\/post"}],"author":[{"embeddable":true,"href":"https:\/\/sodecristo.org.br\/hejme\/wp-json\/wp\/v2\/users\/1"}],"replies":[{"embeddable":true,"href":"https:\/\/sodecristo.org.br\/hejme\/wp-json\/wp\/v2\/comments?post=4440"}],"version-history":[{"count":4,"href":"https:\/\/sodecristo.org.br\/hejme\/wp-json\/wp\/v2\/posts\/4440\/revisions"}],"predecessor-version":[{"id":6646,"href":"https:\/\/sodecristo.org.br\/hejme\/wp-json\/wp\/v2\/posts\/4440\/revisions\/6646"}],"wp:featuredmedia":[{"embeddable":true,"href":"https:\/\/sodecristo.org.br\/hejme\/wp-json\/wp\/v2\/media\/4617"}],"wp:attachment":[{"href":"https:\/\/sodecristo.org.br\/hejme\/wp-json\/wp\/v2\/media?parent=4440"}],"wp:term":[{"taxonomy":"category","embeddable":true,"href":"https:\/\/sodecristo.org.br\/hejme\/wp-json\/wp\/v2\/categories?post=4440"},{"taxonomy":"post_tag","embeddable":true,"href":"https:\/\/sodecristo.org.br\/hejme\/wp-json\/wp\/v2\/tags?post=4440"}],"curies":[{"name":"wp","href":"https:\/\/api.w.org\/{rel}","templated":true}]}}